{"id":4572,"date":"2023-01-24T11:28:54","date_gmt":"2023-01-24T10:28:54","guid":{"rendered":"https:\/\/centriair.hemhosting.se\/board-meeting-at-the-new-premises-in-partille-gothenburg\/"},"modified":"2023-06-28T13:49:41","modified_gmt":"2023-06-28T11:49:41","slug":"vorstandssitzung-in-den-neuen-raeumlichkeiten-in-partille-goeteborg","status":"publish","type":"post","link":"https:\/\/centriair.com\/de\/vorstandssitzung-in-den-neuen-raeumlichkeiten-in-partille-goeteborg\/","title":{"rendered":"Vorstandssitzung in den neuen R\u00e4umlichkeiten in Partille \/ G\u00f6teborg"},"content":{"rendered":"<p>In der letzten Woche hatten wir unseren Vorstand zu Besuch in unseren neuen R\u00e4umlichkeiten in G\u00f6teborg f\u00fcr eine lohnende Vorstandssitzung.<\/p>\n<p>Vielen Dank f\u00fcr Ihr Engagement und Ihre Inspiration auf dem Wachstumsweg von Centriair. Wir freuen uns auf ein spannendes Jahr 2023, in dem Centriair eine Vorreiterrolle einnehmen wird, indem es den Einsatz der weltweit effizientesten industriellen Luftaufbereitungsl\u00f6sung beschleunigt. Sauberere Luft. Weniger Ressourcen.<\/p>\n","protected":false},"excerpt":{"rendered":"<p>In der letzten Woche hatten wir unseren Vorstand zu Besuch in unseren neuen R\u00e4umlichkeiten in G\u00f6teborg f\u00fcr eine lohnende Vorstandssitzung. Vielen Dank f\u00fcr Ihr Engagement und Ihre Inspiration auf dem Wachstumsweg von Centriair. Wir freuen uns auf ein spannendes Jahr 2023, in dem Centriair eine Vorreiterrolle einnehmen wird, indem es den Einsatz der weltweit effizientesten [&hellip;]<\/p>\n","protected":false},"author":1,"featured_media":3412,"comment_status":"closed","ping_status":"closed","sticky":false,"template":"","format":"standard","meta":{"_acf_changed":false,"footnotes":""},"categories":[40],"tags":[],"class_list":["post-4572","post","type-post","status-publish","format-standard","has-post-thumbnail","hentry","category-nachrichten"],"acf":[],"yoast_head":"<!-- This site is optimized with the Yoast SEO plugin v26.8 - https:\/\/yoast.com\/product\/yoast-seo-wordpress\/ -->\n<title>Vorstandssitzung in den neuen R\u00e4umlichkeiten in Partille \/ G\u00f6teborg - We are Centriair<\/title>\n<meta name=\"robots\" content=\"index, follow, max-snippet:-1, max-image-preview:large, max-video-preview:-1\" \/>\n<link rel=\"canonical\" href=\"https:\/\/centriair.com\/de\/vorstandssitzung-in-den-neuen-raeumlichkeiten-in-partille-goeteborg\/\" \/>\n<meta property=\"og:locale\" content=\"de_DE\" \/>\n<meta property=\"og:type\" content=\"article\" \/>\n<meta property=\"og:title\" content=\"Vorstandssitzung in den neuen R\u00e4umlichkeiten in Partille \/ G\u00f6teborg - We are Centriair\" \/>\n<meta property=\"og:description\" content=\"In der letzten Woche hatten wir unseren Vorstand zu Besuch in unseren neuen R\u00e4umlichkeiten in G\u00f6teborg f\u00fcr eine lohnende Vorstandssitzung. Vielen Dank f\u00fcr Ihr Engagement und Ihre Inspiration auf dem Wachstumsweg von Centriair. Wir freuen uns auf ein spannendes Jahr 2023, in dem Centriair eine Vorreiterrolle einnehmen wird, indem es den Einsatz der weltweit effizientesten [&hellip;]\" \/>\n<meta property=\"og:url\" content=\"https:\/\/centriair.com\/de\/vorstandssitzung-in-den-neuen-raeumlichkeiten-in-partille-goeteborg\/\" \/>\n<meta property=\"og:site_name\" content=\"We are Centriair\" \/>\n<meta property=\"article:published_time\" content=\"2023-01-24T10:28:54+00:00\" \/>\n<meta property=\"article:modified_time\" content=\"2023-06-28T11:49:41+00:00\" \/>\n<meta property=\"og:image\" content=\"https:\/\/centriair.com\/wp-content\/uploads\/2023\/01\/1669906105609.jpg\" \/>\n\t<meta property=\"og:image:width\" content=\"795\" \/>\n\t<meta property=\"og:image:height\" content=\"596\" \/>\n\t<meta property=\"og:image:type\" content=\"image\/jpeg\" \/>\n<meta name=\"author\" content=\"air-admin\" \/>\n<meta name=\"twitter:card\" content=\"summary_large_image\" \/>\n<meta name=\"twitter:label1\" content=\"Verfasst von\" \/>\n\t<meta name=\"twitter:data1\" content=\"air-admin\" \/>\n<script type=\"application\/ld+json\" class=\"yoast-schema-graph\">{\"@context\":\"https:\/\/schema.org\",\"@graph\":[{\"@type\":\"Article\",\"@id\":\"https:\/\/centriair.com\/de\/vorstandssitzung-in-den-neuen-raeumlichkeiten-in-partille-goeteborg\/#article\",\"isPartOf\":{\"@id\":\"https:\/\/centriair.com\/de\/vorstandssitzung-in-den-neuen-raeumlichkeiten-in-partille-goeteborg\/\"},\"author\":{\"name\":\"air-admin\",\"@id\":\"https:\/\/centriair.com\/de\/#\/schema\/person\/d213474d64bdc225d890d963fa47f572\"},\"headline\":\"Vorstandssitzung in den neuen R\u00e4umlichkeiten in Partille \/ G\u00f6teborg\",\"datePublished\":\"2023-01-24T10:28:54+00:00\",\"dateModified\":\"2023-06-28T11:49:41+00:00\",\"mainEntityOfPage\":{\"@id\":\"https:\/\/centriair.com\/de\/vorstandssitzung-in-den-neuen-raeumlichkeiten-in-partille-goeteborg\/\"},\"wordCount\":76,\"publisher\":{\"@id\":\"https:\/\/centriair.com\/de\/#organization\"},\"image\":{\"@id\":\"https:\/\/centriair.com\/de\/vorstandssitzung-in-den-neuen-raeumlichkeiten-in-partille-goeteborg\/#primaryimage\"},\"thumbnailUrl\":\"https:\/\/centriair.com\/wp-content\/uploads\/2023\/01\/1669906105609.jpg\",\"articleSection\":[\"Nachrichten\"],\"inLanguage\":\"de\"},{\"@type\":\"WebPage\",\"@id\":\"https:\/\/centriair.com\/de\/vorstandssitzung-in-den-neuen-raeumlichkeiten-in-partille-goeteborg\/\",\"url\":\"https:\/\/centriair.com\/de\/vorstandssitzung-in-den-neuen-raeumlichkeiten-in-partille-goeteborg\/\",\"name\":\"Vorstandssitzung in den neuen R\u00e4umlichkeiten in Partille \/ G\u00f6teborg - We are Centriair\",\"isPartOf\":{\"@id\":\"https:\/\/centriair.com\/de\/#website\"},\"primaryImageOfPage\":{\"@id\":\"https:\/\/centriair.com\/de\/vorstandssitzung-in-den-neuen-raeumlichkeiten-in-partille-goeteborg\/#primaryimage\"},\"image\":{\"@id\":\"https:\/\/centriair.com\/de\/vorstandssitzung-in-den-neuen-raeumlichkeiten-in-partille-goeteborg\/#primaryimage\"},\"thumbnailUrl\":\"https:\/\/centriair.com\/wp-content\/uploads\/2023\/01\/1669906105609.jpg\",\"datePublished\":\"2023-01-24T10:28:54+00:00\",\"dateModified\":\"2023-06-28T11:49:41+00:00\",\"breadcrumb\":{\"@id\":\"https:\/\/centriair.com\/de\/vorstandssitzung-in-den-neuen-raeumlichkeiten-in-partille-goeteborg\/#breadcrumb\"},\"inLanguage\":\"de\",\"potentialAction\":[{\"@type\":\"ReadAction\",\"target\":[\"https:\/\/centriair.com\/de\/vorstandssitzung-in-den-neuen-raeumlichkeiten-in-partille-goeteborg\/\"]}]},{\"@type\":\"ImageObject\",\"inLanguage\":\"de\",\"@id\":\"https:\/\/centriair.com\/de\/vorstandssitzung-in-den-neuen-raeumlichkeiten-in-partille-goeteborg\/#primaryimage\",\"url\":\"https:\/\/centriair.com\/wp-content\/uploads\/2023\/01\/1669906105609.jpg\",\"contentUrl\":\"https:\/\/centriair.com\/wp-content\/uploads\/2023\/01\/1669906105609.jpg\",\"width\":795,\"height\":596,\"caption\":\"Centriair Board Meeting December 2022\"},{\"@type\":\"BreadcrumbList\",\"@id\":\"https:\/\/centriair.com\/de\/vorstandssitzung-in-den-neuen-raeumlichkeiten-in-partille-goeteborg\/#breadcrumb\",\"itemListElement\":[{\"@type\":\"ListItem\",\"position\":1,\"name\":\"Home\",\"item\":\"https:\/\/centriair.com\/de\/\"},{\"@type\":\"ListItem\",\"position\":2,\"name\":\"Vorstandssitzung in den neuen R\u00e4umlichkeiten in Partille \/ G\u00f6teborg\"}]},{\"@type\":\"WebSite\",\"@id\":\"https:\/\/centriair.com\/de\/#website\",\"url\":\"https:\/\/centriair.com\/de\/\",\"name\":\"Centriair\",\"description\":\"Cleaner air. Fewer resources.\",\"publisher\":{\"@id\":\"https:\/\/centriair.com\/de\/#organization\"},\"potentialAction\":[{\"@type\":\"SearchAction\",\"target\":{\"@type\":\"EntryPoint\",\"urlTemplate\":\"https:\/\/centriair.com\/de\/?s={search_term_string}\"},\"query-input\":{\"@type\":\"PropertyValueSpecification\",\"valueRequired\":true,\"valueName\":\"search_term_string\"}}],\"inLanguage\":\"de\"},{\"@type\":\"Organization\",\"@id\":\"https:\/\/centriair.com\/de\/#organization\",\"name\":\"Centriair\",\"url\":\"https:\/\/centriair.com\/de\/\",\"logo\":{\"@type\":\"ImageObject\",\"inLanguage\":\"de\",\"@id\":\"https:\/\/centriair.com\/de\/#\/schema\/logo\/image\/\",\"url\":\"https:\/\/centriair.com\/wp-content\/uploads\/2022\/11\/Centriair_logo-blue.svg\",\"contentUrl\":\"https:\/\/centriair.com\/wp-content\/uploads\/2022\/11\/Centriair_logo-blue.svg\",\"width\":250,\"height\":65,\"caption\":\"Centriair\"},\"image\":{\"@id\":\"https:\/\/centriair.com\/de\/#\/schema\/logo\/image\/\"}},{\"@type\":\"Person\",\"@id\":\"https:\/\/centriair.com\/de\/#\/schema\/person\/d213474d64bdc225d890d963fa47f572\",\"name\":\"air-admin\",\"image\":{\"@type\":\"ImageObject\",\"inLanguage\":\"de\",\"@id\":\"https:\/\/centriair.com\/de\/#\/schema\/person\/image\/\",\"url\":\"https:\/\/secure.gravatar.com\/avatar\/6047412e73c61f86fa5d949d05e6f896030274bd5e1921c9e32656bd4e69bd45?s=96&d=mm&r=g\",\"contentUrl\":\"https:\/\/secure.gravatar.com\/avatar\/6047412e73c61f86fa5d949d05e6f896030274bd5e1921c9e32656bd4e69bd45?s=96&d=mm&r=g\",\"caption\":\"air-admin\"},\"sameAs\":[\"http:\/\/centriair.com\"],\"url\":\"https:\/\/centriair.com\/de\/author\/air-admin\/\"}]}<\/script>\n<!-- \/ Yoast SEO plugin. -->","yoast_head_json":{"title":"Vorstandssitzung in den neuen R\u00e4umlichkeiten in Partille \/ G\u00f6teborg - We are Centriair","robots":{"index":"index","follow":"follow","max-snippet":"max-snippet:-1","max-image-preview":"max-image-preview:large","max-video-preview":"max-video-preview:-1"},"canonical":"https:\/\/centriair.com\/de\/vorstandssitzung-in-den-neuen-raeumlichkeiten-in-partille-goeteborg\/","og_locale":"de_DE","og_type":"article","og_title":"Vorstandssitzung in den neuen R\u00e4umlichkeiten in Partille \/ G\u00f6teborg - We are Centriair","og_description":"In der letzten Woche hatten wir unseren Vorstand zu Besuch in unseren neuen R\u00e4umlichkeiten in G\u00f6teborg f\u00fcr eine lohnende Vorstandssitzung. Vielen Dank f\u00fcr Ihr Engagement und Ihre Inspiration auf dem Wachstumsweg von Centriair. Wir freuen uns auf ein spannendes Jahr 2023, in dem Centriair eine Vorreiterrolle einnehmen wird, indem es den Einsatz der weltweit effizientesten [&hellip;]","og_url":"https:\/\/centriair.com\/de\/vorstandssitzung-in-den-neuen-raeumlichkeiten-in-partille-goeteborg\/","og_site_name":"We are Centriair","article_published_time":"2023-01-24T10:28:54+00:00","article_modified_time":"2023-06-28T11:49:41+00:00","og_image":[{"width":795,"height":596,"url":"https:\/\/centriair.com\/wp-content\/uploads\/2023\/01\/1669906105609.jpg","type":"image\/jpeg"}],"author":"air-admin","twitter_card":"summary_large_image","twitter_misc":{"Verfasst von":"air-admin"},"schema":{"@context":"https:\/\/schema.org","@graph":[{"@type":"Article","@id":"https:\/\/centriair.com\/de\/vorstandssitzung-in-den-neuen-raeumlichkeiten-in-partille-goeteborg\/#article","isPartOf":{"@id":"https:\/\/centriair.com\/de\/vorstandssitzung-in-den-neuen-raeumlichkeiten-in-partille-goeteborg\/"},"author":{"name":"air-admin","@id":"https:\/\/centriair.com\/de\/#\/schema\/person\/d213474d64bdc225d890d963fa47f572"},"headline":"Vorstandssitzung in den neuen R\u00e4umlichkeiten in Partille \/ G\u00f6teborg","datePublished":"2023-01-24T10:28:54+00:00","dateModified":"2023-06-28T11:49:41+00:00","mainEntityOfPage":{"@id":"https:\/\/centriair.com\/de\/vorstandssitzung-in-den-neuen-raeumlichkeiten-in-partille-goeteborg\/"},"wordCount":76,"publisher":{"@id":"https:\/\/centriair.com\/de\/#organization"},"image":{"@id":"https:\/\/centriair.com\/de\/vorstandssitzung-in-den-neuen-raeumlichkeiten-in-partille-goeteborg\/#primaryimage"},"thumbnailUrl":"https:\/\/centriair.com\/wp-content\/uploads\/2023\/01\/1669906105609.jpg","articleSection":["Nachrichten"],"inLanguage":"de"},{"@type":"WebPage","@id":"https:\/\/centriair.com\/de\/vorstandssitzung-in-den-neuen-raeumlichkeiten-in-partille-goeteborg\/","url":"https:\/\/centriair.com\/de\/vorstandssitzung-in-den-neuen-raeumlichkeiten-in-partille-goeteborg\/","name":"Vorstandssitzung in den neuen R\u00e4umlichkeiten in Partille \/ G\u00f6teborg - We are Centriair","isPartOf":{"@id":"https:\/\/centriair.com\/de\/#website"},"primaryImageOfPage":{"@id":"https:\/\/centriair.com\/de\/vorstandssitzung-in-den-neuen-raeumlichkeiten-in-partille-goeteborg\/#primaryimage"},"image":{"@id":"https:\/\/centriair.com\/de\/vorstandssitzung-in-den-neuen-raeumlichkeiten-in-partille-goeteborg\/#primaryimage"},"thumbnailUrl":"https:\/\/centriair.com\/wp-content\/uploads\/2023\/01\/1669906105609.jpg","datePublished":"2023-01-24T10:28:54+00:00","dateModified":"2023-06-28T11:49:41+00:00","breadcrumb":{"@id":"https:\/\/centriair.com\/de\/vorstandssitzung-in-den-neuen-raeumlichkeiten-in-partille-goeteborg\/#breadcrumb"},"inLanguage":"de","potentialAction":[{"@type":"ReadAction","target":["https:\/\/centriair.com\/de\/vorstandssitzung-in-den-neuen-raeumlichkeiten-in-partille-goeteborg\/"]}]},{"@type":"ImageObject","inLanguage":"de","@id":"https:\/\/centriair.com\/de\/vorstandssitzung-in-den-neuen-raeumlichkeiten-in-partille-goeteborg\/#primaryimage","url":"https:\/\/centriair.com\/wp-content\/uploads\/2023\/01\/1669906105609.jpg","contentUrl":"https:\/\/centriair.com\/wp-content\/uploads\/2023\/01\/1669906105609.jpg","width":795,"height":596,"caption":"Centriair Board Meeting December 2022"},{"@type":"BreadcrumbList","@id":"https:\/\/centriair.com\/de\/vorstandssitzung-in-den-neuen-raeumlichkeiten-in-partille-goeteborg\/#breadcrumb","itemListElement":[{"@type":"ListItem","position":1,"name":"Home","item":"https:\/\/centriair.com\/de\/"},{"@type":"ListItem","position":2,"name":"Vorstandssitzung in den neuen R\u00e4umlichkeiten in Partille \/ G\u00f6teborg"}]},{"@type":"WebSite","@id":"https:\/\/centriair.com\/de\/#website","url":"https:\/\/centriair.com\/de\/","name":"Centriair","description":"Cleaner air. Fewer resources.","publisher":{"@id":"https:\/\/centriair.com\/de\/#organization"},"potentialAction":[{"@type":"SearchAction","target":{"@type":"EntryPoint","urlTemplate":"https:\/\/centriair.com\/de\/?s={search_term_string}"},"query-input":{"@type":"PropertyValueSpecification","valueRequired":true,"valueName":"search_term_string"}}],"inLanguage":"de"},{"@type":"Organization","@id":"https:\/\/centriair.com\/de\/#organization","name":"Centriair","url":"https:\/\/centriair.com\/de\/","logo":{"@type":"ImageObject","inLanguage":"de","@id":"https:\/\/centriair.com\/de\/#\/schema\/logo\/image\/","url":"https:\/\/centriair.com\/wp-content\/uploads\/2022\/11\/Centriair_logo-blue.svg","contentUrl":"https:\/\/centriair.com\/wp-content\/uploads\/2022\/11\/Centriair_logo-blue.svg","width":250,"height":65,"caption":"Centriair"},"image":{"@id":"https:\/\/centriair.com\/de\/#\/schema\/logo\/image\/"}},{"@type":"Person","@id":"https:\/\/centriair.com\/de\/#\/schema\/person\/d213474d64bdc225d890d963fa47f572","name":"air-admin","image":{"@type":"ImageObject","inLanguage":"de","@id":"https:\/\/centriair.com\/de\/#\/schema\/person\/image\/","url":"https:\/\/secure.gravatar.com\/avatar\/6047412e73c61f86fa5d949d05e6f896030274bd5e1921c9e32656bd4e69bd45?s=96&d=mm&r=g","contentUrl":"https:\/\/secure.gravatar.com\/avatar\/6047412e73c61f86fa5d949d05e6f896030274bd5e1921c9e32656bd4e69bd45?s=96&d=mm&r=g","caption":"air-admin"},"sameAs":["http:\/\/centriair.com"],"url":"https:\/\/centriair.com\/de\/author\/air-admin\/"}]}},"_links":{"self":[{"href":"https:\/\/centriair.com\/de\/wp-json\/wp\/v2\/posts\/4572","targetHints":{"allow":["GET"]}}],"collection":[{"href":"https:\/\/centriair.com\/de\/wp-json\/wp\/v2\/posts"}],"about":[{"href":"https:\/\/centriair.com\/de\/wp-json\/wp\/v2\/types\/post"}],"author":[{"embeddable":true,"href":"https:\/\/centriair.com\/de\/wp-json\/wp\/v2\/users\/1"}],"replies":[{"embeddable":true,"href":"https:\/\/centriair.com\/de\/wp-json\/wp\/v2\/comments?post=4572"}],"version-history":[{"count":1,"href":"https:\/\/centriair.com\/de\/wp-json\/wp\/v2\/posts\/4572\/revisions"}],"predecessor-version":[{"id":4573,"href":"https:\/\/centriair.com\/de\/wp-json\/wp\/v2\/posts\/4572\/revisions\/4573"}],"wp:featuredmedia":[{"embeddable":true,"href":"https:\/\/centriair.com\/de\/wp-json\/wp\/v2\/media\/3412"}],"wp:attachment":[{"href":"https:\/\/centriair.com\/de\/wp-json\/wp\/v2\/media?parent=4572"}],"wp:term":[{"taxonomy":"category","embeddable":true,"href":"https:\/\/centriair.com\/de\/wp-json\/wp\/v2\/categories?post=4572"},{"taxonomy":"post_tag","embeddable":true,"href":"https:\/\/centriair.com\/de\/wp-json\/wp\/v2\/tags?post=4572"}],"curies":[{"name":"wp","href":"https:\/\/api.w.org\/{rel}","templated":true}]}}